{"id":1487,"date":"2018-04-17T07:58:25","date_gmt":"2018-04-17T06:58:25","guid":{"rendered":"https:\/\/www.dolneplachtince.sk\/wp\/?p=1487"},"modified":"2018-04-17T07:58:25","modified_gmt":"2018-04-17T06:58:25","slug":"zatvoreny-obchod","status":"publish","type":"post","link":"https:\/\/www.dolneplachtince.sk\/wp\/zatvoreny-obchod\/","title":{"rendered":"Zatvoreny obchod"},"content":{"rendered":"<p>Ved\u00faca predajne COOP Jednota oznamuje, \u017ee dnes bude prev\u00e1dzka potrav\u00edn otvoren\u00e1 do 12.00 a zajtra bude prev\u00e1dzka zatvoren\u00e1.<\/p>\n","protected":false},"excerpt":{"rendered":"<p>Ved\u00faca predajne COOP Jednota oznamuje, \u017ee dnes bude prev\u00e1dzka potrav\u00edn otvoren\u00e1 do 12.00 a zajtra bude prev\u00e1dzka zatvoren\u00e1.<\/p>\n","protected":false},"author":5,"featured_media":0,"comment_status":"closed","ping_status":"open","sticky":false,"template":"","format":"standard","meta":{"spay_email":"","footnotes":"","jetpack_publicize_message":"","jetpack_is_tweetstorm":false,"jetpack_publicize_feature_enabled":true},"categories":[189],"tags":[],"class_list":["post-1487","post","type-post","status-publish","format-standard","hentry","category-oznamy-miestneho-rozhlasu"],"jetpack_featured_media_url":"","jetpack_publicize_connections":[],"jetpack_sharing_enabled":true,"jetpack-related-posts":[{"id":3976,"url":"https:\/\/www.dolneplachtince.sk\/wp\/posta-29\/","url_meta":{"origin":1487,"position":0},"title":"Po\u0161ta","date":"2. m\u00e1ja 2023","format":false,"excerpt":"Ved\u00faca po\u0161ty oznamuje ob\u010danom, \u017ee po\u0161ta bude dnes otvoren\u00e1 do 9:00 hod. Poobede bude prev\u00e1dzka po\u0161ty zatvoren\u00e1.","rel":"","context":"V &quot;Oznamy miestneho rozhlasu&quot;","img":{"alt_text":"","src":"","width":0,"height":0},"classes":[]},{"id":2399,"url":"https:\/\/www.dolneplachtince.sk\/wp\/sj-mimo-prevadzky\/","url_meta":{"origin":1487,"position":1},"title":"\u0160J mimo prev\u00e1dzky","date":"13. marca 2020","format":false,"excerpt":"V\u00e1\u017een\u00ed stravn\u00edci \u0160kolskej jed\u00e1lne pri z\u00e1kladnej \u0161kole Doln\u00e9 Plachtince. Na z\u00e1klade vyhl\u00e1senej mimoriadnej situ\u00e1cie v s\u00favislosti s koronav\u00edrusom, v\u00e1m oznamujeme, \u017ee v \u010dase od 16.marca 2020 do 27.marca 2020, bude preru\u0161en\u00e1 prev\u00e1dzka \u0161kolskej jed\u00e1lne. Zabezpe\u010dili sme pre v\u00e1s stravu balen\u00fa v jednorazov\u00fdch obaloch v cene 3,90 EUR z Penzi\u00f3nu u\u2026","rel":"","context":"V &quot;Oznamy&quot;","img":{"alt_text":"","src":"","width":0,"height":0},"classes":[]},{"id":2393,"url":"https:\/\/www.dolneplachtince.sk\/wp\/dolezite-covid-19-novy-koronavirus\/","url_meta":{"origin":1487,"position":2},"title":"D\u00f4le\u017eit\u00e9!   COVID-19 (nov\u00fd koronav\u00edrus)","date":"11. marca 2020","format":false,"excerpt":"V\u00e1\u017een\u00ed ob\u010dania, v z\u00e1ujme prevencie a ochrany pred nov\u00fdm koronav\u00edrusom\u00a0COVID-19, V\u00e1m oznamujeme nasledovn\u00e9: Doteraz \u00farady vydali tieto d\u00f4le\u017eit\u00e9 rozhodnutia: z\u00e1kaz verejn\u00fdch podujat\u00ed, vr\u00e1tane bohoslu\u017eieb, z\u00e1kaz n\u00e1v\u0161tev na l\u00f4\u017ekov\u00fdch oddeleniach, povinn\u00e1 karant\u00e9na pre vracaj\u00facich sa ob\u010danov z rizikov\u00fdch \u0161t\u00e1tov. \u00dapln\u00e9 znenie rozhodnut\u00ed a usmernen\u00ed, vr\u00e1tane usmernenia hlavn\u00e9ho hygienika SR ku karant\u00e9ne,\u2026","rel":"","context":"V &quot;Oznamy&quot;","img":{"alt_text":"","src":"https:\/\/i0.wp.com\/www.dolneplachtince.sk\/wp\/wp-content\/uploads\/2019\/01\/pozor-1.jpg?resize=350%2C200&ssl=1","width":350,"height":200},"classes":[]},{"id":1772,"url":"https:\/\/www.dolneplachtince.sk\/wp\/slavnost-podakovania-za-urodu-bude-v-kostole\/","url_meta":{"origin":1487,"position":3},"title":"Sl\u00e1vnos\u0165 po\u010fakovania za \u00farodu bude v kostole","date":"22. septembra 2018","format":false,"excerpt":"Oznamujeme V\u00e1m, \u017ee zajtraj\u0161ia Sl\u00e1vnos\u0165 po\u010fakovania za \u00farodu sa pre nepriazniv\u00e9 po\u010dasie uskuto\u010dn\u00ed o 10:30 v kostole. Vzh\u013eadom k tomu rann\u00e1 sv\u00e4t\u00e1 om\u0161a zajtra nebude.","rel":"","context":"V &quot;Oznamy miestneho rozhlasu&quot;","img":{"alt_text":"","src":"","width":0,"height":0},"classes":[]},{"id":2762,"url":"https:\/\/www.dolneplachtince.sk\/wp\/scitanie-obyvatelov-domov-a-bytov-v-roku-2021\/","url_meta":{"origin":1487,"position":4},"title":"S\u010c\u00cdTANIE OBYVATE\u013dOV, DOMOV A BYTOV V ROKU 2021","date":"15. febru\u00e1ra 2021","format":false,"excerpt":"\u00a0 15.2.2021 za\u010d\u00edna samos\u010d\u00edtanie obyvate\u013eov, ktor\u00e9 bude od 15.2.2021 do 31.3.2021. Obyvatelia sa s\u010d\u00edtaj\u00fa sami, v pohodl\u00ed domova a bezpe\u010dne, prostredn\u00edctvom elektronick\u00e9ho formul\u00e1ra, ktor\u00fd n\u00e1jdu na www.scitanie.sk, alebo prostredn\u00edctvom aplik\u00e1cie, ktor\u00fa si stiahnu do mobilu, resp. tabletu Asistovan\u00e9 s\u010d\u00edtanie sa pos\u00fava. Ak sa obyvate\u013e nem\u00f4\u017ee alebo nevie s\u010d\u00edta\u0165 s\u00e1m alebo\u2026","rel":"","context":"V &quot;Oznamy&quot;","img":{"alt_text":"","src":"https:\/\/i0.wp.com\/www.dolneplachtince.sk\/wp\/wp-content\/uploads\/2021\/02\/Banner-SODB-pre-web-obce.png?resize=350%2C200&ssl=1","width":350,"height":200},"classes":[]},{"id":4587,"url":"https:\/\/www.dolneplachtince.sk\/wp\/posta-36\/","url_meta":{"origin":1487,"position":5},"title":"po\u0161ta","date":"7. m\u00e1ja 2024","format":false,"excerpt":"Ved\u00faca po\u0161ty oznamuje ob\u010danom, \u017ee d\u0148a 9.5. bude po\u0161ta po obede zatvoren\u00e1. D\u0148a 13.5. bude po\u0161ta zatvoren\u00e1 cel\u00fd de\u0148.","rel":"","context":"V &quot;Oznamy miestneho rozhlasu&quot;","img":{"alt_text":"","src":"","width":0,"height":0},"classes":[]}],"jetpack_likes_enabled":true,"_links":{"self":[{"href":"https:\/\/www.dolneplachtince.sk\/wp\/wp-json\/wp\/v2\/posts\/1487","targetHints":{"allow":["GET"]}}],"collection":[{"href":"https:\/\/www.dolneplachtince.sk\/wp\/wp-json\/wp\/v2\/posts"}],"about":[{"href":"https:\/\/www.dolneplachtince.sk\/wp\/wp-json\/wp\/v2\/types\/post"}],"author":[{"embeddable":true,"href":"https:\/\/www.dolneplachtince.sk\/wp\/wp-json\/wp\/v2\/users\/5"}],"replies":[{"embeddable":true,"href":"https:\/\/www.dolneplachtince.sk\/wp\/wp-json\/wp\/v2\/comments?post=1487"}],"version-history":[{"count":1,"href":"https:\/\/www.dolneplachtince.sk\/wp\/wp-json\/wp\/v2\/posts\/1487\/revisions"}],"predecessor-version":[{"id":1488,"href":"https:\/\/www.dolneplachtince.sk\/wp\/wp-json\/wp\/v2\/posts\/1487\/revisions\/1488"}],"wp:attachment":[{"href":"https:\/\/www.dolneplachtince.sk\/wp\/wp-json\/wp\/v2\/media?parent=1487"}],"wp:term":[{"taxonomy":"category","embeddable":true,"href":"https:\/\/www.dolneplachtince.sk\/wp\/wp-json\/wp\/v2\/categories?post=1487"},{"taxonomy":"post_tag","embeddable":true,"href":"https:\/\/www.dolneplachtince.sk\/wp\/wp-json\/wp\/v2\/tags?post=1487"}],"curies":[{"name":"wp","href":"https:\/\/api.w.org\/{rel}","templated":true}]}}