{"id":2007,"date":"2019-04-08T09:22:20","date_gmt":"2019-04-08T08:22:20","guid":{"rendered":"https:\/\/www.dolneplachtince.sk\/wp\/?p=2007"},"modified":"2019-04-08T09:22:20","modified_gmt":"2019-04-08T08:22:20","slug":"posta-ppa","status":"publish","type":"post","link":"https:\/\/www.dolneplachtince.sk\/wp\/posta-ppa\/","title":{"rendered":"Po\u0161ta, PPA"},"content":{"rendered":"<p>Ved\u00faca po\u0161ty oznamuje ob\u010danom, \u017ee zajtra bude po\u0161ta otvoren\u00e1 od 7.30 do 8.00 a od 13.00 do 14.30. &#8211; P\u00f4dohospod\u00e1rska platobn\u00e1 agent\u00fara vyz\u00fdva v\u0161etk\u00fdch \u017eiadate\u013eov priamych podp\u00f4r, ktor\u00ed splnili podmienky na z\u00edskanie podpory na plochu v roku 2018, aby si neodkladne a ur\u00fdchlene prevzali na pracovisku v Leviciach predtla\u010den\u00e9 identifika\u010dn\u00e9 listy na rok 2019.<\/p>\n","protected":false},"excerpt":{"rendered":"<p>Ved\u00faca po\u0161ty oznamuje ob\u010danom, \u017ee zajtra bude po\u0161ta otvoren\u00e1 od 7.30 do 8.00 a od 13.00 do 14.30. &#8211; P\u00f4dohospod\u00e1rska platobn\u00e1 agent\u00fara vyz\u00fdva v\u0161etk\u00fdch \u017eiadate\u013eov priamych podp\u00f4r, ktor\u00ed splnili podmienky na z\u00edskanie podpory na plochu v roku 2018, aby si neodkladne a ur\u00fdchlene prevzali na pracovisku v Leviciach predtla\u010den\u00e9 identifika\u010dn\u00e9 listy na rok 2019.<\/p>\n","protected":false},"author":5,"featured_media":0,"comment_status":"closed","ping_status":"open","sticky":false,"template":"","format":"standard","meta":{"spay_email":"","footnotes":"","jetpack_publicize_message":"Po\u0161ta, PPA","jetpack_is_tweetstorm":false,"jetpack_publicize_feature_enabled":true},"categories":[189],"tags":[],"class_list":["post-2007","post","type-post","status-publish","format-standard","hentry","category-oznamy-miestneho-rozhlasu"],"jetpack_featured_media_url":"","jetpack_publicize_connections":[],"jetpack_sharing_enabled":true,"jetpack-related-posts":[{"id":3013,"url":"https:\/\/www.dolneplachtince.sk\/wp\/prerusenie-dodavky-el-energie-3\/","url_meta":{"origin":2007,"position":0},"title":"preru\u0161enie dod\u00e1vky el. energie","date":"12. augusta 2021","format":false,"excerpt":"Oznamujeme ob\u010danom, \u017ee zajtra 13.8. bude v \u010dase od 7:45 do 13:00 preru\u0161en\u00e1 dod\u00e1vka el. energie a to od obeckovskej kri\u017eovatky smer VK vr\u00e1tane Blatiny a Novej ulice. Zoznam s\u00fap. \u010d. n\u00e1jdete na \u00faradnej tabuli obce, alebo na www.dolneplachtince.sk\u00a0 Z tohto d\u00f4vodu bude zatvoren\u00e1 po\u0161ta, potraviny aj obecn\u00fd \u00farad.","rel":"","context":"V &quot;Oznamy miestneho rozhlasu&quot;","img":{"alt_text":"","src":"","width":0,"height":0},"classes":[]},{"id":1625,"url":"https:\/\/www.dolneplachtince.sk\/wp\/posta\/","url_meta":{"origin":2007,"position":1},"title":"po\u0161ta","date":"3. j\u00fala 2018","format":false,"excerpt":"Ved\u00faca po\u0161ty oznamuje, \u017ee po\u0161ta bude tento t\u00fd\u017ede\u0148 otvoren\u00e1 od 7.30 do 11.30. Z\u00e1sielky bud\u00fa doru\u010dovan\u00e9 v poobed\u0148aj\u0161\u00edch hodin\u00e1ch.","rel":"","context":"V &quot;Oznamy miestneho rozhlasu&quot;","img":{"alt_text":"","src":"","width":0,"height":0},"classes":[]},{"id":1676,"url":"https:\/\/www.dolneplachtince.sk\/wp\/zatvorena-posta-4\/","url_meta":{"origin":2007,"position":2},"title":"Zatvoren\u00e1 po\u0161ta","date":"25. j\u00fala 2018","format":false,"excerpt":"Ved\u00faca po\u0161ty oznamuje ob\u010danom, \u017ee po\u0161ta bude zajtra (26.7.) zatvoren\u00e1, v piatok (27.7)\u00a0 bude otvoren\u00e1 od 7.30 do 11.00.","rel":"","context":"V &quot;Oznamy miestneho rozhlasu&quot;","img":{"alt_text":"","src":"","width":0,"height":0},"classes":[]},{"id":1885,"url":"https:\/\/www.dolneplachtince.sk\/wp\/posta-2\/","url_meta":{"origin":2007,"position":3},"title":"Po\u0161ta","date":"28. novembra 2018","format":false,"excerpt":"Ved\u00faca po\u0161ty oznamuje, \u017ee zajtra (29.11) bude po\u0161ta otvoren\u00e1 od 8.30 do 11.30 a od 12.00 do 14.00.","rel":"","context":"V &quot;Oznamy miestneho rozhlasu&quot;","img":{"alt_text":"","src":"","width":0,"height":0},"classes":[]},{"id":3367,"url":"https:\/\/www.dolneplachtince.sk\/wp\/posta-18\/","url_meta":{"origin":2007,"position":4},"title":"Po\u0161ta","date":"23. m\u00e1ja 2022","format":false,"excerpt":"Ved\u00faca po\u0161ty oznamuje ob\u010danom, \u017ee po\u0161ta bude dnes 23.5. otvoren\u00e1 od 12:45 do 14:15.","rel":"","context":"V &quot;Oznamy miestneho rozhlasu&quot;","img":{"alt_text":"","src":"","width":0,"height":0},"classes":[]},{"id":4279,"url":"https:\/\/www.dolneplachtince.sk\/wp\/sse-elektrina\/","url_meta":{"origin":2007,"position":5},"title":"SSE Elektrina","date":"18. okt\u00f3bra 2023","format":false,"excerpt":"V\u00e1\u017een\u00ed ob\u010dania, pripom\u00edname, \u017ee zajtra v \u010dase od 7.30 do 15.30 nebude v celej obci elektrina. Po\u0161ta, potraviny a obecn\u00fd \u00farad bud\u00fa zatvoren\u00e9.","rel":"","context":"V &quot;Oznamy miestneho rozhlasu&quot;","img":{"alt_text":"","src":"","width":0,"height":0},"classes":[]}],"jetpack_likes_enabled":true,"_links":{"self":[{"href":"https:\/\/www.dolneplachtince.sk\/wp\/wp-json\/wp\/v2\/posts\/2007","targetHints":{"allow":["GET"]}}],"collection":[{"href":"https:\/\/www.dolneplachtince.sk\/wp\/wp-json\/wp\/v2\/posts"}],"about":[{"href":"https:\/\/www.dolneplachtince.sk\/wp\/wp-json\/wp\/v2\/types\/post"}],"author":[{"embeddable":true,"href":"https:\/\/www.dolneplachtince.sk\/wp\/wp-json\/wp\/v2\/users\/5"}],"replies":[{"embeddable":true,"href":"https:\/\/www.dolneplachtince.sk\/wp\/wp-json\/wp\/v2\/comments?post=2007"}],"version-history":[{"count":1,"href":"https:\/\/www.dolneplachtince.sk\/wp\/wp-json\/wp\/v2\/posts\/2007\/revisions"}],"predecessor-version":[{"id":2008,"href":"https:\/\/www.dolneplachtince.sk\/wp\/wp-json\/wp\/v2\/posts\/2007\/revisions\/2008"}],"wp:attachment":[{"href":"https:\/\/www.dolneplachtince.sk\/wp\/wp-json\/wp\/v2\/media?parent=2007"}],"wp:term":[{"taxonomy":"category","embeddable":true,"href":"https:\/\/www.dolneplachtince.sk\/wp\/wp-json\/wp\/v2\/categories?post=2007"},{"taxonomy":"post_tag","embeddable":true,"href":"https:\/\/www.dolneplachtince.sk\/wp\/wp-json\/wp\/v2\/tags?post=2007"}],"curies":[{"name":"wp","href":"https:\/\/api.w.org\/{rel}","templated":true}]}}