{"id":3608,"date":"2022-11-21T13:10:21","date_gmt":"2022-11-21T12:10:21","guid":{"rendered":"https:\/\/www.dolneplachtince.sk\/wp\/?p=3608"},"modified":"2022-12-30T15:34:38","modified_gmt":"2022-12-30T14:34:38","slug":"kracunske-stedrivke-stefanska-zabava","status":"publish","type":"post","link":"https:\/\/www.dolneplachtince.sk\/wp\/kracunske-stedrivke-stefanska-zabava\/","title":{"rendered":"KRA\u010c\u00daNSKE \u0160TEDRIVKE \u2013 \u0160TEFANSK\u00c1 Z\u00c1BAVA"},"content":{"rendered":"<p><img loading=\"lazy\" decoding=\"async\" src=\"https:\/\/static.xx.fbcdn.net\/images\/emoji.php\/v9\/t8c\/1\/16\/1f389.png\" alt=\"&#x1f389;\" width=\"16\" height=\"16\" \/>Tento rok sme pre v\u00e1s pripravili nie\u010do \u0161peci\u00e1lne!<img loading=\"lazy\" decoding=\"async\" src=\"https:\/\/static.xx.fbcdn.net\/images\/emoji.php\/v9\/t8c\/1\/16\/1f389.png\" alt=\"&#x1f389;\" width=\"16\" height=\"16\" \/><\/p>\n<p>Poz\u00fdvame v\u00e1s za\u017ei\u0165 kr\u00e1sny ve\u010der na nefal\u0161ovanej\u00a0<img loading=\"lazy\" decoding=\"async\" src=\"https:\/\/static.xx.fbcdn.net\/images\/emoji.php\/v9\/te0\/1\/16\/1f31f.png\" alt=\"&#x1f31f;\" width=\"16\" height=\"16\" \/>\u00a0\u0160TEFANSKEJ Z\u00c1BAVE!\u00a0<img loading=\"lazy\" decoding=\"async\" src=\"https:\/\/static.xx.fbcdn.net\/images\/emoji.php\/v9\/te0\/1\/16\/1f31f.png\" alt=\"&#x1f31f;\" width=\"16\" height=\"16\" \/><\/p>\n<p>\u010cak\u00e1 v\u00e1s bohat\u00fd folkl\u00f3rny a hudobn\u00fd program spojen\u00fd s pravou hontianskou gastron\u00f3miou a dobr\u00fdm v\u00ednom z Plachtinsk\u00fdch vin\u00edc!<\/p>\n<p><img loading=\"lazy\" decoding=\"async\" src=\"https:\/\/static.xx.fbcdn.net\/images\/emoji.php\/v9\/tac\/1\/16\/1f4cc.png\" alt=\"&#x1f4cc;\" width=\"16\" height=\"16\" \/>Kedy? Na \u0160tefana 26.decembra 2022<\/p>\n<p><img loading=\"lazy\" decoding=\"async\" src=\"https:\/\/static.xx.fbcdn.net\/images\/emoji.php\/v9\/tac\/1\/16\/1f4cc.png\" alt=\"&#x1f4cc;\" width=\"16\" height=\"16\" \/>Kde? V Kult\u00farnom dome v Doln\u00fdch Plachtinciach<\/p>\n<p><img loading=\"lazy\" decoding=\"async\" src=\"https:\/\/static.xx.fbcdn.net\/images\/emoji.php\/v9\/tac\/1\/16\/1f4cc.png\" alt=\"&#x1f4cc;\" width=\"16\" height=\"16\" \/>Bli\u017e\u0161ie info a objedn\u00e1vanie vstupeniek: Oc\u00da Doln\u00e9 Plachtince, alebo Mgr. Art Cyril P\u00e1ri\u0161, tel: 0948 985 045, osvetaparis@gmail.com<\/p>\n<p>&nbsp;<\/p>\n<p><a href=\"https:\/\/www.dolneplachtince.sk\/wp\/wp-content\/uploads\/2022\/11\/Plagat_zabava.jpg\"><img loading=\"lazy\" decoding=\"async\" class=\"alignnone size-medium wp-image-3609\" src=\"https:\/\/www.dolneplachtince.sk\/wp\/wp-content\/uploads\/2022\/11\/Plagat_zabava-212x300.jpg\" alt=\"\" width=\"212\" height=\"300\" srcset=\"https:\/\/www.dolneplachtince.sk\/wp\/wp-content\/uploads\/2022\/11\/Plagat_zabava-212x300.jpg 212w, https:\/\/www.dolneplachtince.sk\/wp\/wp-content\/uploads\/2022\/11\/Plagat_zabava-724x1024.jpg 724w, https:\/\/www.dolneplachtince.sk\/wp\/wp-content\/uploads\/2022\/11\/Plagat_zabava-768x1086.jpg 768w, https:\/\/www.dolneplachtince.sk\/wp\/wp-content\/uploads\/2022\/11\/Plagat_zabava-1086x1536.jpg 1086w, https:\/\/www.dolneplachtince.sk\/wp\/wp-content\/uploads\/2022\/11\/Plagat_zabava.jpg 1448w\" sizes=\"auto, (max-width: 212px) 100vw, 212px\" \/><\/a><\/p>\n<p>&nbsp;<\/p>\n","protected":false},"excerpt":{"rendered":"<p>Tento rok sme pre v\u00e1s pripravili nie\u010do \u0161peci\u00e1lne! Poz\u00fdvame v\u00e1s za\u017ei\u0165 kr\u00e1sny ve\u010der na nefal\u0161ovanej\u00a0\u00a0\u0160TEFANSKEJ Z\u00c1BAVE!\u00a0 \u010cak\u00e1 v\u00e1s bohat\u00fd folkl\u00f3rny a hudobn\u00fd program spojen\u00fd s pravou hontianskou gastron\u00f3miou a dobr\u00fdm v\u00ednom z Plachtinsk\u00fdch vin\u00edc! Kedy? Na \u0160tefana 26.decembra 2022 Kde? V Kult\u00farnom dome v Doln\u00fdch Plachtinciach Bli\u017e\u0161ie info a objedn\u00e1vanie vstupeniek: Oc\u00da Doln\u00e9 Plachtince, alebo Mgr. Art Cyril P\u00e1ri\u0161, tel: [&#8230;]<\/p>\n","protected":false},"author":5,"featured_media":3609,"comment_status":"closed","ping_status":"open","sticky":false,"template":"","format":"standard","meta":{"spay_email":"","footnotes":"","jetpack_publicize_message":"","jetpack_is_tweetstorm":false,"jetpack_publicize_feature_enabled":true},"categories":[21],"tags":[],"class_list":["post-3608","post","type-post","status-publish","format-standard","has-post-thumbnail","hentry","category-oznamy"],"jetpack_featured_media_url":"https:\/\/www.dolneplachtince.sk\/wp\/wp-content\/uploads\/2022\/11\/Plagat_zabava.jpg","jetpack_publicize_connections":[],"jetpack_sharing_enabled":true,"jetpack-related-posts":[{"id":2591,"url":"https:\/\/www.dolneplachtince.sk\/wp\/radosti-iii\/","url_meta":{"origin":3608,"position":0},"title":"Radosti III","date":"29. augusta 2020","format":false,"excerpt":"Srde\u010dne V\u00e1s poz\u00fdvame na Radosti v H\u00e1ji. \u010cak\u00e1 na V\u00e1s o 18:00 kaukliar Fjodor, o 19:00 Kmotr\u00edkovci, o 19:30 Starohorsk\u00fd ban\u00edcky spevokol a o 21:00 FS Krt\u00ed\u0161an; ochutn\u00e1vka v\u00edn, lalusky a polovnicky gulas. Tesime sa na Vas.","rel":"","context":"V &quot;Oznamy miestneho rozhlasu&quot;","img":{"alt_text":"","src":"","width":0,"height":0},"classes":[]},{"id":2585,"url":"https:\/\/www.dolneplachtince.sk\/wp\/radosti-v-haji-8\/","url_meta":{"origin":3608,"position":1},"title":"Radosti v H\u00e1ji","date":"26. augusta 2020","format":false,"excerpt":"Srde\u010dne V\u00e1s poz\u00fdvame na ve\u010der pln\u00fd z\u00e1bavy - Radosti v H\u00e1ji - v sobotu, 29.8.2020 od\u00a0 17.00 hod. \u010cak\u00e1 na V\u00e1s kaukliar Fjodor, FS Krt\u00ed\u0161an, Kmotr\u00edkovci, Starohorsk\u00fd ban\u00edcky spevokol, ochutn\u00e1vka v\u00edn a tradi\u010dn\u00fdch plachtinsk\u00fdch jed\u00e1l.","rel":"","context":"V &quot;Oznamy miestneho rozhlasu&quot;","img":{"alt_text":"","src":"","width":0,"height":0},"classes":[]},{"id":3492,"url":"https:\/\/www.dolneplachtince.sk\/wp\/plachtinsky-dvor\/","url_meta":{"origin":3608,"position":2},"title":"Plachtinsk\u00fd dvor","date":"18. augusta 2022","format":false,"excerpt":"Po rokoch je pre V\u00e1s znova otvoren\u00fd Plachtinsk\u00fd dvor na Hontianskej Par\u00e1de v Hru\u0161ove. Srde\u010dne V\u00e1s poz\u00fdvame na Lalusky, kapustnicu a exkluz\u00edvne v\u00edna. V piatok 15-22h, v sobotu 10-22h. N\u00e1jdete n\u00e1s v starom kult\u00farnom dome.","rel":"","context":"V &quot;Oznamy miestneho rozhlasu&quot;","img":{"alt_text":"","src":"","width":0,"height":0},"classes":[]},{"id":1752,"url":"https:\/\/www.dolneplachtince.sk\/wp\/radosti-v-haji-ii-oznam\/","url_meta":{"origin":3608,"position":3},"title":"Radosti v H\u00e1ji II oznam","date":"1. septembra 2018","format":false,"excerpt":"Poz\u00fdvame V\u00e1s na ve\u010der pln\u00fd z\u00e1bavy - \"Radosti v H\u00e1ji\", ktor\u00fd sa uskuto\u010dn\u00ed dnes so za\u010diatkom o 17:00. \u010cakaj\u00fa na V\u00e1s: pesni\u010dk\u00e1r Tom\u00e1\u0161 Pohorelec, \u013eudov\u00e1 hudba Temperament Cimbal Orchestra, z\u00e1kusky O\u013egy Kva\u010dekovej, Dedele, kapustnica, klob\u00e1sa, v\u00fdborn\u00e9 v\u00ednko a Rosamunda Pil\u010derov\u00e1.","rel":"","context":"V &quot;Oznamy miestneho rozhlasu&quot;","img":{"alt_text":"","src":"","width":0,"height":0},"classes":[]},{"id":5959,"url":"https:\/\/www.dolneplachtince.sk\/wp\/vystup-na-spani-laz\/","url_meta":{"origin":3608,"position":4},"title":"V\u00fdstup na \u0160pan\u00ed laz","date":"27. apr\u00edla 2026","format":false,"excerpt":"Srde\u010dne v\u00e1s poz\u00fdvame na 1. ro\u010dn\u00edk v\u00fdstupu na vrch \u0160pan\u00ed laz, ktor\u00fd sa uskuto\u010dn\u00ed v piatok, 1.5. Zjazd bude o 10. hod. na parkovisku pri cintor\u00edne. Nezabudnite na pitn\u00fd re\u017eim a vhodn\u00fa obuv. Na \u0160pa\u0148om laze v\u00e1s bude \u010daka\u0165 kapustnica a ob\u010derstvenie.","rel":"","context":"V &quot;Oznamy&quot;","img":{"alt_text":"","src":"","width":0,"height":0},"classes":[]},{"id":3498,"url":"https:\/\/www.dolneplachtince.sk\/wp\/radosti-v-haji-ii-2\/","url_meta":{"origin":3608,"position":5},"title":"Radosti v H\u00e1ji II","date":"27. augusta 2022","format":false,"excerpt":"Poz\u00fdvame V\u00e1s na Radosti v H\u00e1ji, 28.8.2022 so za\u010diatkom o 16:00.Pr\u00ed\u010fte si vychutna\u0165 \u013da\u013eu\u0161ky - Dedele, po\u013eovn\u00edcky gu\u013e\u00e1\u0161, pe\u010den\u00fa klob\u00e1su a exkluz\u00edvne plachtinsk\u00e9 v\u00edna. V programe vyst\u00fapia Plachtinsk\u00e9 talenty, deti z letn\u00e9ho t\u00e1bora, FSk Da\u010dov Lom, Eva Hentekov\u00e1, Kmotr\u00edkovci a skupina TRANZIT. Na\u017eivo uvid\u00edte ako sa \u0161ije kroj na b\u00e1biku\u2026","rel":"","context":"V &quot;Oznamy&quot;","img":{"alt_text":"","src":"https:\/\/i0.wp.com\/www.dolneplachtince.sk\/wp\/wp-content\/uploads\/2022\/06\/radosti_v_haji_logo.jpg?resize=350%2C200&ssl=1","width":350,"height":200},"classes":[]}],"jetpack_likes_enabled":true,"_links":{"self":[{"href":"https:\/\/www.dolneplachtince.sk\/wp\/wp-json\/wp\/v2\/posts\/3608","targetHints":{"allow":["GET"]}}],"collection":[{"href":"https:\/\/www.dolneplachtince.sk\/wp\/wp-json\/wp\/v2\/posts"}],"about":[{"href":"https:\/\/www.dolneplachtince.sk\/wp\/wp-json\/wp\/v2\/types\/post"}],"author":[{"embeddable":true,"href":"https:\/\/www.dolneplachtince.sk\/wp\/wp-json\/wp\/v2\/users\/5"}],"replies":[{"embeddable":true,"href":"https:\/\/www.dolneplachtince.sk\/wp\/wp-json\/wp\/v2\/comments?post=3608"}],"version-history":[{"count":1,"href":"https:\/\/www.dolneplachtince.sk\/wp\/wp-json\/wp\/v2\/posts\/3608\/revisions"}],"predecessor-version":[{"id":3610,"href":"https:\/\/www.dolneplachtince.sk\/wp\/wp-json\/wp\/v2\/posts\/3608\/revisions\/3610"}],"wp:featuredmedia":[{"embeddable":true,"href":"https:\/\/www.dolneplachtince.sk\/wp\/wp-json\/wp\/v2\/media\/3609"}],"wp:attachment":[{"href":"https:\/\/www.dolneplachtince.sk\/wp\/wp-json\/wp\/v2\/media?parent=3608"}],"wp:term":[{"taxonomy":"category","embeddable":true,"href":"https:\/\/www.dolneplachtince.sk\/wp\/wp-json\/wp\/v2\/categories?post=3608"},{"taxonomy":"post_tag","embeddable":true,"href":"https:\/\/www.dolneplachtince.sk\/wp\/wp-json\/wp\/v2\/tags?post=3608"}],"curies":[{"name":"wp","href":"https:\/\/api.w.org\/{rel}","templated":true}]}}