{"id":5778,"date":"2026-01-06T11:05:00","date_gmt":"2026-01-06T10:05:00","guid":{"rendered":"https:\/\/www.dolneplachtince.sk\/wp\/?p=5778"},"modified":"2026-01-06T11:05:00","modified_gmt":"2026-01-06T10:05:00","slug":"nahravka-202601061058","status":"publish","type":"post","link":"https:\/\/www.dolneplachtince.sk\/wp\/nahravka-202601061058\/","title":{"rendered":"nahravka 202601061058"},"content":{"rendered":"<p>V\u00e1\u017een\u00ed ob\u010dania, pros\u00edm \u0161etrite vodou, nako\u013eko je porucha na z\u00e1sobovacom potrub\u00ed vodojemu. M\u00f4\u017ee d\u00f4js\u0165 k v\u00fdpadku dod\u00e1vky vody. Na odstr\u00e1nen\u00ed poruchy sa pracuje.<\/p>\n","protected":false},"excerpt":{"rendered":"<p>V\u00e1\u017een\u00ed ob\u010dania, pros\u00edm \u0161etrite vodou, nako\u013eko je porucha na z\u00e1sobovacom potrub\u00ed vodojemu. M\u00f4\u017ee d\u00f4js\u0165 k v\u00fdpadku dod\u00e1vky vody. Na odstr\u00e1nen\u00ed poruchy sa pracuje.<\/p>\n","protected":false},"author":2,"featured_media":0,"comment_status":"closed","ping_status":"open","sticky":false,"template":"","format":"standard","meta":{"spay_email":"","footnotes":"","jetpack_publicize_message":"","jetpack_is_tweetstorm":false,"jetpack_publicize_feature_enabled":true},"categories":[189],"tags":[],"class_list":["post-5778","post","type-post","status-publish","format-standard","hentry","category-oznamy-miestneho-rozhlasu"],"jetpack_featured_media_url":"","jetpack_publicize_connections":[],"jetpack_sharing_enabled":true,"jetpack-related-posts":[{"id":5959,"url":"https:\/\/www.dolneplachtince.sk\/wp\/vystup-na-spani-laz\/","url_meta":{"origin":5778,"position":0},"title":"V\u00fdstup na \u0160pan\u00ed laz","date":"27. apr\u00edla 2026","format":false,"excerpt":"Srde\u010dne v\u00e1s poz\u00fdvame na 1. ro\u010dn\u00edk v\u00fdstupu na vrch \u0160pan\u00ed laz, ktor\u00fd sa uskuto\u010dn\u00ed v piatok, 1.5. Zjazd bude o 10. hod. na parkovisku pri cintor\u00edne. Nezabudnite na pitn\u00fd re\u017eim a vhodn\u00fa obuv. Na \u0160pa\u0148om laze v\u00e1s bude \u010daka\u0165 kapustnica a ob\u010derstvenie.","rel":"","context":"V &quot;Oznamy&quot;","img":{"alt_text":"","src":"","width":0,"height":0},"classes":[]},{"id":3528,"url":"https:\/\/www.dolneplachtince.sk\/wp\/vyzva-na-prevzatie-rozhodnutia-o-zaregistrovani-kandidata\/","url_meta":{"origin":5778,"position":1},"title":"V\u00fdzva na prevzatie rozhodnutia o zaregistrovan\u00ed kandid\u00e1ta","date":"16. septembra 2022","format":false,"excerpt":"V\u00fdzva na prevzatie rozhodnutia o zaregistrovan\u00ed kandid\u00e1ta Miestna volebn\u00e1 komisia v Doln\u00fdch Plachtinciach na svojom zasadnut\u00ed d\u0148a 05.09.2022 zaregistrovala kandid\u00e1tov na starostu obce Doln\u00e9 Plachtince a na poslancov obecn\u00e9ho zastupite\u013estva v Doln\u00fdch Plachtinciach o \u010dom v zmysle ustanovenia \u00a7172, ods.3 a \u00a7177, ods.3 z\u00e1kona \u010d. 180\/2014 Z. z. o podmienkach\u2026","rel":"","context":"V &quot;OB\u010cAN&quot;","img":{"alt_text":"","src":"","width":0,"height":0},"classes":[]},{"id":2442,"url":"https:\/\/www.dolneplachtince.sk\/wp\/farske-oznamy-na-5-nedelu-v-postnom-obdobi\/","url_meta":{"origin":5778,"position":2},"title":"Farsk\u00e9 oznamy na  5. NEDE\u013dU V P\u00d4STNOM OBDOB\u00cd","date":"29. marca 2020","format":false,"excerpt":"Farsk\u00e9 oznamy a aktu\u00e1lne info k sl\u00e1veniu Ve\u013ekej noci, spovedaniu a pod. n\u00e1jdete na v\u00fdveske pred kostolom a na fara.dolneplachtince.sk. Tel.\u010d. na faru 047\/483 01 64. farsk\u00e9 oznamy pdf","rel":"","context":"V &quot;Oznamy&quot;","img":{"alt_text":"","src":"","width":0,"height":0},"classes":[]},{"id":5702,"url":"https:\/\/www.dolneplachtince.sk\/wp\/na-chotari-jesem-2025\/","url_meta":{"origin":5778,"position":3},"title":"Na chot\u00e1ri jesem 2025","date":"26. novembra 2025","format":false,"excerpt":"Na chot\u00e1ri jesem 2025 Sobotn\u00e9 popoludnie a ve\u010der v Doln\u00fdch Plachtinciach sa niesol v znamen\u00ed trad\u00edci\u00ed, hudby a farieb jesene. Atmosf\u00e9ru na podujat\u00ed Na chot\u00e1ri jesem dotv\u00e1ral bohat\u00fd folkl\u00f3rny program, ktor\u00fd mali pod taktovkou folkl\u00f3rna skupina Ba\u017eali\u010dka z Plachtiniec a Pr\u00edbeliec, diev\u010densk\u00e1 spev\u00e1cka skupina z Hru\u0161ova, \u0160tef\u00e1nia Selsk\u00e1 a Eva\u2026","rel":"","context":"Podobn\u00fd pr\u00edspevok","img":{"alt_text":"","src":"https:\/\/i0.wp.com\/www.dolneplachtince.sk\/wp\/wp-content\/uploads\/2025\/11\/584828699_1269249555234870_4913790356496337789_n.jpg?resize=350%2C200&ssl=1","width":350,"height":200},"classes":[]},{"id":5290,"url":"https:\/\/www.dolneplachtince.sk\/wp\/vystup-na-spani-laz-0-rocnik\/","url_meta":{"origin":5778,"position":4},"title":"V\u00fdstup na \u0160pan\u00ed laz 0. ro\u010dn\u00edk","date":"6. m\u00e1ja 2025","format":false,"excerpt":"Srde\u010dne v\u00e1s poz\u00fdvame na 0. ro\u010dn\u00edk v\u00fdstupu na vrch \u0160pan\u00ed laz, ktor\u00fd sa uskuto\u010dn\u00ed vo \u0161tvrtok, 8.5. Zjazd bude o 10. hod. na parkovisku pri cintor\u00edne. Nezabudnite na pitn\u00fd re\u017eim a vhodn\u00fa obuv. Na \u0160pa\u0148om laze v\u00e1s bude \u010daka\u0165 gu\u013e\u00e1\u0161 a ob\u010derstvenie.","rel":"","context":"V &quot;Oznamy miestneho rozhlasu&quot;","img":{"alt_text":"","src":"","width":0,"height":0},"classes":[]},{"id":4779,"url":"https:\/\/www.dolneplachtince.sk\/wp\/pozvanka-na-zasadnutie-oz-15-12-2023\/","url_meta":{"origin":5778,"position":5},"title":"Pozv\u00e1nka na zasadnutie OZ 15.12.2023","date":"12. decembra 2023","format":false,"excerpt":"Zverej\u0148ujeme pozv\u00e1nku a program zasadnutia obecn\u00e9ho zastupite\u013estva na de\u0148 15.12.2023. pozv\u00e1nka na zasadnutie 15.12.2023.pdf","rel":"","context":"V &quot;Pozv\u00e1nka OZ&quot;","img":{"alt_text":"","src":"","width":0,"height":0},"classes":[]}],"jetpack_likes_enabled":true,"_links":{"self":[{"href":"https:\/\/www.dolneplachtince.sk\/wp\/wp-json\/wp\/v2\/posts\/5778","targetHints":{"allow":["GET"]}}],"collection":[{"href":"https:\/\/www.dolneplachtince.sk\/wp\/wp-json\/wp\/v2\/posts"}],"about":[{"href":"https:\/\/www.dolneplachtince.sk\/wp\/wp-json\/wp\/v2\/types\/post"}],"author":[{"embeddable":true,"href":"https:\/\/www.dolneplachtince.sk\/wp\/wp-json\/wp\/v2\/users\/2"}],"replies":[{"embeddable":true,"href":"https:\/\/www.dolneplachtince.sk\/wp\/wp-json\/wp\/v2\/comments?post=5778"}],"version-history":[{"count":1,"href":"https:\/\/www.dolneplachtince.sk\/wp\/wp-json\/wp\/v2\/posts\/5778\/revisions"}],"predecessor-version":[{"id":5779,"href":"https:\/\/www.dolneplachtince.sk\/wp\/wp-json\/wp\/v2\/posts\/5778\/revisions\/5779"}],"wp:attachment":[{"href":"https:\/\/www.dolneplachtince.sk\/wp\/wp-json\/wp\/v2\/media?parent=5778"}],"wp:term":[{"taxonomy":"category","embeddable":true,"href":"https:\/\/www.dolneplachtince.sk\/wp\/wp-json\/wp\/v2\/categories?post=5778"},{"taxonomy":"post_tag","embeddable":true,"href":"https:\/\/www.dolneplachtince.sk\/wp\/wp-json\/wp\/v2\/tags?post=5778"}],"curies":[{"name":"wp","href":"https:\/\/api.w.org\/{rel}","templated":true}]}}